{"id":1241,"date":"2023-01-14T10:55:52","date_gmt":"2023-01-14T10:55:52","guid":{"rendered":"https:\/\/mendener-in-not.de\/?p=1241"},"modified":"2023-01-19T11:17:07","modified_gmt":"2023-01-19T11:17:07","slug":"spende-der-mendener-markthaendler","status":"publish","type":"post","link":"https:\/\/mendener-in-not.de\/?p=1241","title":{"rendered":"Spende der Mendener Markth\u00e4ndler"},"content":{"rendered":"\n<p>Heute haben Monika und G\u00fcnter Wulff weitere 1.350 \u20ac als Spende der Mendener Markth\u00e4ndler an Cristina Gummert (l.) f\u00fcr Mendener in Not \u00fcbergeben. Seit Mai 2020 sind mehr als 15.000 Euro als Wechselgeld in den Spendeneimerchen an der Marktst\u00e4nden gelandet.<\/p>\n\n\n\n<p>Wir danken allen Spenderinnen und Spendern ganz herzlich. Das Gro\u00dfartige ist, dass die Kunden selbst in den Nachbarst\u00e4dten f\u00fcr unseren Verein spenden.<\/p>\n","protected":false},"excerpt":{"rendered":"<p>Heute haben Monika und G\u00fcnter Wulff weitere 1.350 \u20ac als Spende der Mendener Markth\u00e4ndler an Cristina Gummert (l.) f\u00fcr Mendener in Not \u00fcbergeben. Seit Mai 2020 sind mehr als 15.000 Euro als Wechselgeld in den Spendeneimerchen an der Marktst\u00e4nden gelandet. Wir danken allen Spenderinnen und Spendern ganz herzlich. Das Gro\u00dfartige ist, dass die Kunden selbst [&hellip;]<\/p>\n","protected":false},"author":1,"featured_media":1242,"comment_status":"open","ping_status":"open","sticky":false,"template":"","format":"standard","meta":{"footnotes":""},"categories":[1],"tags":[],"class_list":["post-1241","post","type-post","status-publish","format-standard","has-post-thumbnail","hentry","category-uncategorized"],"_links":{"self":[{"href":"https:\/\/mendener-in-not.de\/index.php?rest_route=\/wp\/v2\/posts\/1241","targetHints":{"allow":["GET"]}}],"collection":[{"href":"https:\/\/mendener-in-not.de\/index.php?rest_route=\/wp\/v2\/posts"}],"about":[{"href":"https:\/\/mendener-in-not.de\/index.php?rest_route=\/wp\/v2\/types\/post"}],"author":[{"embeddable":true,"href":"https:\/\/mendener-in-not.de\/index.php?rest_route=\/wp\/v2\/users\/1"}],"replies":[{"embeddable":true,"href":"https:\/\/mendener-in-not.de\/index.php?rest_route=%2Fwp%2Fv2%2Fcomments&post=1241"}],"version-history":[{"count":1,"href":"https:\/\/mendener-in-not.de\/index.php?rest_route=\/wp\/v2\/posts\/1241\/revisions"}],"predecessor-version":[{"id":1243,"href":"https:\/\/mendener-in-not.de\/index.php?rest_route=\/wp\/v2\/posts\/1241\/revisions\/1243"}],"wp:featuredmedia":[{"embeddable":true,"href":"https:\/\/mendener-in-not.de\/index.php?rest_route=\/wp\/v2\/media\/1242"}],"wp:attachment":[{"href":"https:\/\/mendener-in-not.de\/index.php?rest_route=%2Fwp%2Fv2%2Fmedia&parent=1241"}],"wp:term":[{"taxonomy":"category","embeddable":true,"href":"https:\/\/mendener-in-not.de\/index.php?rest_route=%2Fwp%2Fv2%2Fcategories&post=1241"},{"taxonomy":"post_tag","embeddable":true,"href":"https:\/\/mendener-in-not.de\/index.php?rest_route=%2Fwp%2Fv2%2Ftags&post=1241"}],"curies":[{"name":"wp","href":"https:\/\/api.w.org\/{rel}","templated":true}]}}